[{"@context":"https:\/\/schema.org\/","@type":"Article","@id":"https:\/\/www.kladex.cz\/jaky-prijem-vas-uzivi\/#Article","mainEntityOfPage":"https:\/\/www.kladex.cz\/jaky-prijem-vas-uzivi\/","headline":"Jak\u00fd p\u0159\u00edjem v\u00e1s u\u017eiv\u00ed?","name":"Jak\u00fd p\u0159\u00edjem v\u00e1s u\u017eiv\u00ed?","description":"Problematika \u017eivotn\u00edch n\u00e1klad\u016f je velmi diskutovan\u00fdm t\u00e9matem posledn\u00ed doby. M\u016f\u017ee za to p\u0159edev\u0161\u00edm fakt, \u017ee extr\u00e9mn\u011b roste inflace, a tud\u00ed\u017e kles\u00e1 hodnota re\u00e1ln\u00fdch p\u0159\u00edjm\u016f. Nejh\u016f\u0159e to odnesou jako v\u017edy ti, kte\u0159\u00ed maj\u00ed p\u0159\u00edjmy nejni\u017e\u0161\u00ed. Ti, kte\u0159\u00ed maj\u00ed dostatek pen\u011bz na investice, jednodu\u0161e pen\u00edze investuj\u00ed tam, kde v tom vid\u00ed smysl. Jejich pen\u00edze tak hodnotu ur\u010dit\u011b [&hellip;]","datePublished":"2025-04-04","dateModified":"2025-04-04","author":{"@type":"Person","@id":"https:\/\/www.kladex.cz\/author\/#Person","name":"","url":"https:\/\/www.kladex.cz\/author\/","identifier":1,"image":{"@type":"ImageObject","@id":"https:\/\/secure.gravatar.com\/avatar\/5522eb0fc8481dea5f6519f6a0b15ee2c46358d48429b281fd7c49cbb5a929f9?s=96&d=mm&r=g","url":"https:\/\/secure.gravatar.com\/avatar\/5522eb0fc8481dea5f6519f6a0b15ee2c46358d48429b281fd7c49cbb5a929f9?s=96&d=mm&r=g","height":96,"width":96}},"publisher":{"@type":"Organization","name":"kladex.cz","logo":{"@type":"ImageObject","@id":"\/logo.png","url":"\/logo.png","width":600,"height":60}},"image":{"@type":"ImageObject","@id":"https:\/\/www.kladex.cz\/wp-content\/uploads\/money-8033100_640_10_10_10_10_10.jpg","url":"https:\/\/www.kladex.cz\/wp-content\/uploads\/money-8033100_640_10_10_10_10_10.jpg","height":0,"width":0},"url":"https:\/\/www.kladex.cz\/jaky-prijem-vas-uzivi\/","about":["Pen\u00edze"],"wordCount":401,"articleBody":"          Problematika \u017eivotn\u00edch n\u00e1klad\u016f je velmi diskutovan\u00fdm t\u00e9matem posledn\u00ed doby. M\u016f\u017ee za to p\u0159edev\u0161\u00edm fakt, \u017ee extr\u00e9mn\u011b roste inflace, a tud\u00ed\u017e kles\u00e1 hodnota re\u00e1ln\u00fdch p\u0159\u00edjm\u016f. Nejh\u016f\u0159e to odnesou jako v\u017edy ti, kte\u0159\u00ed maj\u00ed p\u0159\u00edjmy nejni\u017e\u0161\u00ed. Ti, kte\u0159\u00ed maj\u00ed dostatek pen\u011bz na investice, jednodu\u0161e pen\u00edze investuj\u00ed tam, kde v tom vid\u00ed smysl. Jejich pen\u00edze tak hodnotu ur\u010dit\u011b ztr\u00e1cet nebudou.Obyvatel\u00e9 jsou frustrovan\u00ed a na\u0161tvan\u00ed kv\u016fli tomu, \u017ee na jedn\u00e9 stran\u011b si politici ka\u017ed\u00fd rok nezapomenou p\u0159idat des\u00edtky tis\u00edc korun, na stran\u011b druh\u00e9 lidem, z jejich\u017e kapes si platy zvy\u0161uj\u00ed, rad\u00ed, aby si na\u0161li druhou nebo t\u0159et\u00ed pr\u00e1ci, pokud jim jejich p\u0159\u00edjmy nesta\u010d\u00ed. A nen\u00ed se \u010demu divit, \u017ee tyto v\u00fdroky zvedaj\u00ed lidi ze \u017eidle. \u017d\u00e1dn\u00e1 pr\u00e1ce nen\u00ed ostuda, ostudou je, co za takovou pr\u00e1ci \u010dlov\u011bk dostane za v\u00fdplatu. Je\u0161t\u011b p\u0159ed p\u00e1r lety bylo b\u011b\u017en\u00e9, \u017ee \u010dlov\u011bka jeho v\u00fdplata u\u017eivila. Nebylo to sice na n\u011bjak\u00e9 rozhazov\u00e1n\u00ed, ale p\u0159e\u017e\u00edt se z toho dalo. A dnes maj\u00ed probl\u00e9m vy\u017e\u00edt i rodiny, kter\u00e9 maj\u00ed dva p\u0159\u00edjmy. O \u010dem to sv\u011bd\u010d\u00ed? Jak se m\u00e1me minim\u00e1ln\u011b m\u00edt?Podle \u010desk\u00fdch politik\u016f m\u00e1 \u010dlov\u011bk d\u0159\u00edt do \u00famoru, odevzd\u00e1vat dan\u011b pomalu i ze vzduchu, a hlavn\u011b po st\u00e1tu nic necht\u00edt. Minim\u00e1ln\u00ed hodinov\u00e1 mzda je pro rok 2025 124,40 K\u010d. M\u011bs\u00ed\u010dn\u011b je to potom 20 800 K\u010d. A te\u010f si up\u0159\u00edmn\u011b odpov\u011bzte, zda by v\u00e1s takov\u00e1 mzda u\u017eivila. Nejsp\u00ed\u0161 v\u016fbec, ale to politiky samoz\u0159ejm\u011b nezaj\u00edm\u00e1. Ti pln\u00fdmi hrstmi rozhazuj\u00ed na\u0161e dan\u011b, nikoho se neptaj\u00ed, a nikdo nenese odpov\u011bdnost. A jen tak se to nejsp\u00ed\u0161 nezm\u011bn\u00ed.P\u0159itom b\u011b\u017en\u00ed ob\u010dan\u00e9 necht\u011bj\u00ed nic v\u00edc, ne\u017e aby mohli v\u00e9st d\u016fstojn\u00fd \u017eivot, kdy\u017e si na n\u011bj vyd\u011blaj\u00ed v zam\u011bstn\u00e1n\u00ed. Jen\u017ee na\u0161i politici se o b\u011b\u017en\u00e9 ob\u010dany absolutn\u011b nezaj\u00edmaj\u00ed, a rad\u011bji financuj\u00ed ciz\u00ed z\u00e1jmy z \u010desk\u00fdch dan\u00ed. \u0160kody, kter\u00e9 takov\u00e9 jedn\u00e1n\u00ed zp\u016fsob\u00ed, zaplat\u00ed op\u011bt pracuj\u00edc\u00ed lid, kter\u00fd nem\u00e1 dovol\u00e1n\u00ed u nikoho. Jak toto dopadne a jak dlouho si to nech\u00e1me l\u00edbit?                                                                                                                                                                                                                                                                                                                                                                                          4.4\/5 - (10 votes)        "},{"@context":"https:\/\/schema.org\/","@type":"BreadcrumbList","itemListElement":[{"@type":"ListItem","position":1,"name":"Jak\u00fd p\u0159\u00edjem v\u00e1s u\u017eiv\u00ed?","item":"https:\/\/www.kladex.cz\/jaky-prijem-vas-uzivi\/#breadcrumbitem"}]}]