[{"@context":"https:\/\/schema.org\/","@type":"Article","@id":"https:\/\/www.kladex.cz\/krasa-nocnich-motylu\/#Article","mainEntityOfPage":"https:\/\/www.kladex.cz\/krasa-nocnich-motylu\/","headline":"Kr\u00e1sa no\u010dn\u00edch mot\u00fdl\u016f","name":"Kr\u00e1sa no\u010dn\u00edch mot\u00fdl\u016f","description":"Barevn\u00ed mot\u00fdli poletuj\u00edc\u00ed na slunci, svou n\u00e1padnou barevnost\u00ed, p\u0159it\u00e1hnou na\u0161i pozornost. Spojujeme si je s l\u00e9tem a p\u011bkn\u00fdm po\u010das\u00edm. No\u010dn\u00ed mot\u00fdli, ale jsou nem\u00e9n\u011b kr\u00e1sn\u00ed. Hanliv\u011b je naz\u00fdv\u00e1me m\u016frami, ale v\u011b\u0159te, \u017ee pokud se l\u00e9pe zad\u00edv\u00e1me, mo\u017en\u00e1 n\u00e1s sv\u00fdm zaj\u00edmav\u00fdm vzhledem tak\u00e9 upoutaj\u00ed. Kresba na jejich k\u0159\u00eddlech m\u016f\u017ee b\u00fdt a\u017e fascinuj\u00edc\u00ed. Setk\u00e1me se s nimi [&hellip;]","datePublished":"2019-08-21","dateModified":"2023-05-07","author":{"@type":"Person","@id":"https:\/\/www.kladex.cz\/author\/#Person","name":"","url":"https:\/\/www.kladex.cz\/author\/","identifier":1,"image":{"@type":"ImageObject","@id":"https:\/\/secure.gravatar.com\/avatar\/5522eb0fc8481dea5f6519f6a0b15ee2c46358d48429b281fd7c49cbb5a929f9?s=96&d=mm&r=g","url":"https:\/\/secure.gravatar.com\/avatar\/5522eb0fc8481dea5f6519f6a0b15ee2c46358d48429b281fd7c49cbb5a929f9?s=96&d=mm&r=g","height":96,"width":96}},"publisher":{"@type":"Organization","name":"kladex.cz","logo":{"@type":"ImageObject","@id":"\/logo.png","url":"\/logo.png","width":600,"height":60}},"image":{"@type":"ImageObject","@id":"https:\/\/www.kladex.cz\/wp-content\/uploads\/img_a352773_w2972_t1567240345.jpg","url":"https:\/\/www.kladex.cz\/wp-content\/uploads\/img_a352773_w2972_t1567240345.jpg","height":0,"width":0},"url":"https:\/\/www.kladex.cz\/krasa-nocnich-motylu\/","about":["Zv\u00ed\u0159ata"],"wordCount":453,"articleBody":"Barevn\u00ed mot\u00fdli poletuj\u00edc\u00ed na slunci, svou n\u00e1padnou barevnost\u00ed, p\u0159it\u00e1hnou na\u0161i pozornost. Spojujeme si je s l\u00e9tem a p\u011bkn\u00fdm po\u010das\u00edm. No\u010dn\u00ed mot\u00fdli, ale jsou nem\u00e9n\u011b kr\u00e1sn\u00ed. Hanliv\u011b je naz\u00fdv\u00e1me m\u016frami, ale v\u011b\u0159te, \u017ee pokud se l\u00e9pe zad\u00edv\u00e1me, mo\u017en\u00e1 n\u00e1s sv\u00fdm zaj\u00edmav\u00fdm vzhledem tak\u00e9 upoutaj\u00ed. Kresba na jejich k\u0159\u00eddlech m\u016f\u017ee b\u00fdt a\u017e fascinuj\u00edc\u00ed. Setk\u00e1me se s nimi i za denn\u00edho sv\u011btla, kdy odpo\u010d\u00edvaj\u00ed t\u0159eba na kmenech strom\u016f. U\u017e t\u00edm, jak jsou maskovan\u00ed, n\u011bkdy je pr\u00e1v\u011b na k\u016f\u0159e stromu st\u011b\u017e\u00ed rozezn\u00e1me, jsou jedine\u010dn\u00ed. N\u011bkte\u0159\u00ed z t\u011bchto kr\u00e1sn\u00fdch no\u010dn\u00edch mot\u00fdl\u016f jsou natolik vz\u00e1cn\u00ed, \u017ee spat\u0159it je v p\u0159\u00edrod\u011b, m\u016f\u017eeme pova\u017eovat za opravdov\u00e9 \u0161t\u011bst\u00ed. Mezi druhy, o kter\u00fdch jste jist\u011b ji\u017e n\u011bkdy sly\u0161eli, pat\u0159\u00ed li\u0161ajov\u00e9.Nejzn\u00e1m\u011bj\u0161\u00ed li\u0161aj smrtihlav je zn\u00e1m\u00fd svou kresbou na k\u0159\u00eddlech, kter\u00e1 p\u0159ipom\u00edn\u00e1 lidskou lebku. Krom\u011b tohoto zvl\u00e1\u0161tn\u00edho znaku dok\u00e1\u017ee vyluzovat i pi\u0161tiv\u00e9 zvuky. Impozantn\u00ed je p\u0159edev\u0161\u00edm jeho velikost. Pat\u0159\u00ed mezi jednoho z nejv\u011bt\u0161\u00edch z\u00e1stupc\u016f t\u00e9to skupiny. Je\u0161t\u011b v\u00edce \u00fachvatn\u00fd je li\u0161aj oleandrov\u00fd. Barva jeho k\u0159\u00eddel je sv\u011btle zelen\u00e1 a\u017e r\u016f\u017eov\u00e1. Nelze, aby sv\u00fdm zvl\u00e1\u0161tn\u00edm zbarven\u00edm a kresbou na k\u0159\u00eddlech nezaujal. Stejn\u011b jako jeho zbarven\u00ed je tak\u00e9 impozantn\u00ed jeho velikost. P\u0159i rozp\u011bt\u00ed k\u0159\u00eddel m\u016f\u017ee dos\u00e1hnout a\u017e t\u0159in\u00e1cti centimetr\u016f. V\u011b\u0159te, \u017ee tento druh no\u010dn\u00edho mot\u00fdla je opravdu mistrovsk\u00e9 d\u00edlo matky p\u0159\u00edrody. Spat\u0159it ho m\u016f\u017eete pouze v l\u00e9t\u011b v tepl\u00fdch oblastech. Proto\u017ee p\u016fvodn\u011b poch\u00e1z\u00ed z ji\u017en\u00edch zem\u00ed, zimu u n\u00e1s nep\u0159e\u017eije. Na rozd\u00edl od tohoto li\u0161aje m\u00e1te \u0161anci spat\u0159it li\u0161aje \u0161e\u0159\u00edkov\u00e9ho.Za tepl\u00fdch letn\u00edch ve\u010der\u016f se vyskytuje na kv\u011btech d\u0159evin i bylin. Ani ten nepat\u0159\u00ed s rozp\u011bt\u00edm k\u0159\u00eddel, a\u017e dvan\u00e1cti centimetr\u016f, mezi \u017e\u00e1dn\u00e9 drobe\u010dky. Z housenky, kter\u00e1 n\u00e1s sv\u00fdm zjevem ur\u010dit\u011b zaujme, se vyl\u00edhne li\u0161aj vrbkov\u00fd. Ur\u010dit\u011b u\u017e jste na louce spat\u0159ili housenku hn\u011bd\u00e9 barvy, kter\u00e1 vypad\u00e1, jako by m\u011bla na t\u011ble dv\u011b velk\u00e9 o\u010di. A\u017e bude po setm\u011bn\u00ed, rozhl\u00e9dn\u011bte se kolem sebe a mo\u017en\u00e1 se na \u017eivot no\u010dn\u00edch mot\u00fdl\u016f za\u010dnete d\u00edvat jin\u00fdma o\u010dima.                                                                                                                                                                                                                                                                                                                                                                                        3.3\/5 - (9 votes)        "},{"@context":"https:\/\/schema.org\/","@type":"BreadcrumbList","itemListElement":[{"@type":"ListItem","position":1,"name":"Kr\u00e1sa no\u010dn\u00edch mot\u00fdl\u016f","item":"https:\/\/www.kladex.cz\/krasa-nocnich-motylu\/#breadcrumbitem"}]}]