[{"@context":"https:\/\/schema.org\/","@type":"Article","@id":"https:\/\/www.kladex.cz\/s-pronajatym-vozem-z-letiste-rovnou-za-nosem\/#Article","mainEntityOfPage":"https:\/\/www.kladex.cz\/s-pronajatym-vozem-z-letiste-rovnou-za-nosem\/","headline":"S pronajat\u00fdm vozem z leti\u0161t\u011b rovnou za nosem","name":"S pronajat\u00fdm vozem z leti\u0161t\u011b rovnou za nosem","description":"Pronajmout si v\u016fz z autop\u016fj\u010dovny v Praze m\u016f\u017eete k nejr\u016fzn\u011bj\u0161\u00edm \u00fa\u010del\u016fm, nap\u0159\u00edklad pro svatebn\u00ed konvoj, pro zaji\u0161t\u011bn\u00ed soukrom\u00e9 oslavy n\u011bkde v p\u0159\u00edrodn\u00edm prost\u0159ed\u00ed, nap\u0159. v z\u00e1meck\u00e9 zahrad\u011b, anebo pro cestov\u00e1n\u00ed formou kr\u00e1tkodob\u00fdch v\u00fdlet\u016f, p\u0159\u00edpadn\u011b del\u0161\u00ed dovolen\u00e9. Jistou mo\u017enost\u00ed je p\u016fj\u010dovna aut v Praze, kter\u00e1 vozidlo p\u0159istav\u00ed p\u0159ed halu ruzy\u0148sk\u00e9ho leti\u0161t\u011b. Leti\u0161t\u011b v Praze \u2013 Ruzyni [&hellip;]","datePublished":"2022-06-30","dateModified":"2023-05-07","author":{"@type":"Person","@id":"https:\/\/www.kladex.cz\/author\/#Person","name":"","url":"https:\/\/www.kladex.cz\/author\/","identifier":1,"image":{"@type":"ImageObject","@id":"https:\/\/secure.gravatar.com\/avatar\/5522eb0fc8481dea5f6519f6a0b15ee2c46358d48429b281fd7c49cbb5a929f9?s=96&d=mm&r=g","url":"https:\/\/secure.gravatar.com\/avatar\/5522eb0fc8481dea5f6519f6a0b15ee2c46358d48429b281fd7c49cbb5a929f9?s=96&d=mm&r=g","height":96,"width":96}},"publisher":{"@type":"Organization","name":"kladex.cz","logo":{"@type":"ImageObject","@id":"\/logo.png","url":"\/logo.png","width":600,"height":60}},"image":{"@type":"ImageObject","@id":"https:\/\/www.kladex.cz\/wp-content\/uploads\/june-5191797_640_2.jpg","url":"https:\/\/www.kladex.cz\/wp-content\/uploads\/june-5191797_640_2.jpg","height":0,"width":0},"url":"https:\/\/www.kladex.cz\/s-pronajatym-vozem-z-letiste-rovnou-za-nosem\/","about":["Business"],"wordCount":422,"articleBody":"   Pronajmout si v\u016fz z autop\u016fj\u010dovny v Praze m\u016f\u017eete k nejr\u016fzn\u011bj\u0161\u00edm \u00fa\u010del\u016fm, nap\u0159\u00edklad pro svatebn\u00ed konvoj, pro zaji\u0161t\u011bn\u00ed soukrom\u00e9 oslavy n\u011bkde v p\u0159\u00edrodn\u00edm prost\u0159ed\u00ed, nap\u0159. v z\u00e1meck\u00e9 zahrad\u011b, anebo pro cestov\u00e1n\u00ed formou kr\u00e1tkodob\u00fdch v\u00fdlet\u016f, p\u0159\u00edpadn\u011b del\u0161\u00ed dovolen\u00e9. Jistou mo\u017enost\u00ed je p\u016fj\u010dovna aut v Praze, kter\u00e1 vozidlo p\u0159istav\u00ed p\u0159ed halu ruzy\u0148sk\u00e9ho leti\u0161t\u011b.Leti\u0161t\u011b v Praze \u2013 Ruzyni se nach\u00e1z\u00ed v\u016f\u010di hlavn\u00edmu m\u011bstu v zaj\u00edmav\u00e9 poloze, rozprost\u00edr\u00e1 se na rozs\u00e1hl\u00e9 n\u00e1horn\u00ed plo\u0161in\u011b nad m\u011bstem, na okraji P\u0159\u00edrodn\u00edho parku Divok\u00e1 \u0160\u00e1rka, a je odtud pom\u011brn\u011b dobr\u00e9 spojen\u00ed automobily po d\u00e1lnici D7 bu\u010f s Prahou, anebo s okoln\u00edmi regiony. Chcete-li si pronajmout v\u016fz pro cestov\u00e1n\u00ed s va\u0161imi p\u0159\u00e1teli, kte\u0159\u00ed v\u00e1s nav\u0161t\u00edv\u00ed ze zahrani\u010d\u00ed, mohli byste se s nimi vydat k n\u011bkter\u00fdm zaj\u00edmav\u00fdm m\u00edst\u016fm a mimo jin\u00e9 jim nab\u00eddnout nev\u0161edn\u00ed z\u00e1\u017eitky.Pron\u00e1jem lod\u00ed na S\u00e1zav\u011b \u2013 S\u00e1zava je p\u0159ekr\u00e1sn\u00e1 \u0159eka, zn\u00e1m\u00e1 nap\u0159\u00edklad z knih Jaroslava Foglara anebo z p\u00edsn\u00ed folkov\u00e9ho zp\u011bv\u00e1ka a kytaristy Honzy Nedv\u011bda, a vy byste mohli l\u00e9pe pozn\u00e1vat jeden z nejvyhled\u00e1van\u011bj\u0161\u00edch \u00fasek\u016f z Krhanic do P\u00edkovic, Lod\u011b i vod\u00e1ck\u00e9 vybaven\u00ed si tu m\u016f\u017eete pronajmout, pouze po\u010d\u00edtejte s t\u00edm, \u017ee nejv\u00edc \u201eplno\u201c tu b\u00fdv\u00e1 o v\u00edkendech.Slapsk\u00e1 p\u0159ehrada \u2013 bude-li vedro a tepl\u00e1 voda v p\u0159\u00edrodn\u00edch vodn\u00edch rezervo\u00e1rech, m\u016f\u017eete v\u00fdlet nasm\u011brovat naopak na Vltavu, k p\u0159ehrad\u011b, kde jsou k dispozici autokempy s mo\u017enost\u00ed koup\u00e1n\u00ed po celou dobu letn\u00ed sez\u00f3ny.Chr\u00e1n\u011bn\u00e1 krajinn\u00e1 oblast Koko\u0159\u00ednsko &#8211; M\u00e1ch\u016fv kraj \u2013 pat\u0159\u00ed k nejkr\u00e1sn\u011bj\u0161\u00edm ve St\u0159edo\u010desk\u00e9m kraji. M\u016f\u017eete si tu prohl\u00e9dnout hrad Koko\u0159\u00edn, hrad Bezd\u011bz, n\u011bkolik jeskyn\u00ed a zejm\u00e9na okouzluj\u00edc\u00ed krajinu v okol\u00ed M\u00e1chova jezera, s p\u00edse\u010dn\u00fdmi \u010di travnat\u00fdmi pl\u00e1\u017eemi a vo\u0148av\u00fdm borov\u00fdm lesem.Okol\u00ed Berounky \u2013 tato krajina je velmi okouzluj\u00edc\u00ed zejm\u00e9na v tepl\u00e9m letn\u00edm obdob\u00ed, je tu mnoho \u00fachvatn\u00fdch vyhl\u00eddek na \u0159eku ze skalnat\u00fdch \u00fatvar\u016f, ale i kr\u00e1sn\u00e1 \u00fadol\u00ed, nap\u0159\u00edklad v bl\u00edzkosti Nezabudic, Skryj a Zv\u00edkovce.                                                                                                                                                                                                                                                                                                                                                                                           3.1\/5 - (9 votes)        "},{"@context":"https:\/\/schema.org\/","@type":"BreadcrumbList","itemListElement":[{"@type":"ListItem","position":1,"name":"S pronajat\u00fdm vozem z leti\u0161t\u011b rovnou za nosem","item":"https:\/\/www.kladex.cz\/s-pronajatym-vozem-z-letiste-rovnou-za-nosem\/#breadcrumbitem"}]}]